{"id":898,"date":"2026-04-26T17:58:20","date_gmt":"2026-04-26T15:58:20","guid":{"rendered":"https:\/\/www.laerke.se\/?p=898"},"modified":"2026-04-26T18:01:08","modified_gmt":"2026-04-26T16:01:08","slug":"en-bit-pa-vag","status":"publish","type":"post","link":"https:\/\/www.laerke.se\/index.php\/2026\/04\/26\/en-bit-pa-vag\/","title":{"rendered":"En bit p\u00e5 v\u00e4g"},"content":{"rendered":"<p><img decoding=\"async\" class=\"aligncenter\" src=\"https:\/\/www.laerke.se\/wp-content\/uploads\/2026\/04\/284D9A46-51B1-447C-8F95-F58B6C843C8B.jpg\" alt=\"\" width=\"1200\" \/><\/p>\n<p style=\"text-align: center;\"><strong>S\u00f6ndag.<\/strong><\/p>\n<p class=\"p1\">Jag sov verkligen inte bra inatt, s\u00e5 det fick bli en s\u00e5n d\u00e4r morgon d\u00e4r man inte stressar ig\u00e5ng dagen i on\u00f6dan.<\/p>\n<p class=\"p1\">L\u00e5g kvar i s\u00e4ngen, drack kaffe och b\u00f6rjade kolla p\u00e5 s\u00e4song 4 av <span class=\"s1\"><i>Love on the Spectrum<\/i><\/span>. Lite seg, men \u00e4nd\u00e5 ganska mysigt. Ibland \u00e4r det exakt det man beh\u00f6ver, att inte g\u00f6ra s\u00e5 mycket alls till att b\u00f6rja med.<\/p>\n<p style=\"text-align: center;\"><img decoding=\"async\" class=\"aligncenter\" src=\"https:\/\/www.laerke.se\/wp-content\/uploads\/2026\/04\/DSC7636-scaled.jpg\" alt=\"\" width=\"1200\" \/><\/p>\n<p><img decoding=\"async\" class=\"aligncenter\" src=\"https:\/\/www.laerke.se\/wp-content\/uploads\/2026\/04\/DSC7639-scaled.jpg\" alt=\"\" width=\"1200\" \/><\/p>\n<p class=\"p1\">Men trots en l\u00e5ngsam start s\u00e5 fick jag \u00e4nd\u00e5 feeling senare under dagen. Jag skrev ju i mitt f\u00f6rra inl\u00e4gg om alla id\u00e9er jag har kring l\u00e4genheten och saker jag vill fixa och idag bockade jag faktiskt av en av dem. Jag har k\u00f6pt ett sk\u00e5p till nya hallen. Ett riktigt gammalt, fr\u00e5n 1800-talet, med precis den d\u00e4r k\u00e4nslan jag var ute efter.<\/p>\n<p class=\"p1\">Det \u00e4r n\u00e5got speciellt med s\u00e5na m\u00f6bler. De k\u00e4nns inte bara som f\u00f6rvaring, utan mer som en del av hela k\u00e4nslan man vill skapa. Tanken \u00e4r att jag ska tv\u00e4tta av och m\u00e5la om det, men det f\u00e5r bli efter flytten. K\u00e4nns lite on\u00f6digt att b\u00f6rja med det nu innan det ens \u00e4r p\u00e5 plats, med tanke p\u00e5 att det ska konkas runt i flyttbil osv.<\/p>\n<p class=\"p1\">Lite i taget b\u00f6rjar det falla p\u00e5 plats \u2665<\/p>\n<p><img decoding=\"async\" class=\"aligncenter\" src=\"https:\/\/www.laerke.se\/wp-content\/uploads\/2026\/04\/DSC7638-scaled.jpg\" alt=\"\" width=\"1200\" \/><br \/>\n<img decoding=\"async\" class=\"aligncenter\" src=\"https:\/\/www.laerke.se\/wp-content\/uploads\/2026\/04\/DSC7640-scaled.jpg\" alt=\"\" width=\"1200\" \/><\/p>\n<p>Har \u00e4ven k\u00f6pt en f\u00e5t\u00f6lj till \u00f6verv\u00e5ningen. K\u00f6pte en som man kan anv\u00e4nda \u00e4ven som b\u00e4ddf\u00e5t\u00f6lj om det beh\u00f6vs.<\/p>\n<p><img decoding=\"async\" class=\"aligncenter\" src=\"https:\/\/www.laerke.se\/wp-content\/uploads\/2026\/04\/2632-1S-067-5D_5.jpg.webp\" alt=\"\" width=\"1200\" \/><\/p>\n","protected":false},"excerpt":{"rendered":"<p>S\u00f6ndag. Jag sov verkligen inte bra inatt, s\u00e5 det fick bli en s\u00e5n d\u00e4r morgon d\u00e4r man inte stressar ig\u00e5ng dagen i on\u00f6dan. L\u00e5g kvar i s\u00e4ngen, drack kaffe och b\u00f6rjade kolla p\u00e5 s\u00e4song 4 av Love on the Spectrum. Lite seg, men \u00e4nd\u00e5 ganska mysigt. Ibland \u00e4r det exakt det man beh\u00f6ver, att inte<a class=\"more-link\" href=\"https:\/\/www.laerke.se\/index.php\/2026\/04\/26\/en-bit-pa-vag\/\" rel=\"nofollow\">Read More<\/a><\/p>\n","protected":false},"author":1,"featured_media":0,"comment_status":"open","ping_status":"open","sticky":false,"template":"","format":"standard","meta":{"_genesis_hide_title":false,"_genesis_hide_breadcrumbs":false,"_genesis_hide_singular_image":false,"_genesis_hide_footer_widgets":false,"_genesis_custom_body_class":"","_genesis_custom_post_class":"","_genesis_layout":"","footnotes":""},"categories":[10,19],"tags":[],"class_list":{"0":"post-898","1":"post","2":"type-post","3":"status-publish","4":"format-standard","6":"category-dagarna","7":"category-inredning","8":"entry"},"_links":{"self":[{"href":"https:\/\/www.laerke.se\/index.php\/wp-json\/wp\/v2\/posts\/898","targetHints":{"allow":["GET"]}}],"collection":[{"href":"https:\/\/www.laerke.se\/index.php\/wp-json\/wp\/v2\/posts"}],"about":[{"href":"https:\/\/www.laerke.se\/index.php\/wp-json\/wp\/v2\/types\/post"}],"author":[{"embeddable":true,"href":"https:\/\/www.laerke.se\/index.php\/wp-json\/wp\/v2\/users\/1"}],"replies":[{"embeddable":true,"href":"https:\/\/www.laerke.se\/index.php\/wp-json\/wp\/v2\/comments?post=898"}],"version-history":[{"count":3,"href":"https:\/\/www.laerke.se\/index.php\/wp-json\/wp\/v2\/posts\/898\/revisions"}],"predecessor-version":[{"id":907,"href":"https:\/\/www.laerke.se\/index.php\/wp-json\/wp\/v2\/posts\/898\/revisions\/907"}],"wp:attachment":[{"href":"https:\/\/www.laerke.se\/index.php\/wp-json\/wp\/v2\/media?parent=898"}],"wp:term":[{"taxonomy":"category","embeddable":true,"href":"https:\/\/www.laerke.se\/index.php\/wp-json\/wp\/v2\/categories?post=898"},{"taxonomy":"post_tag","embeddable":true,"href":"https:\/\/www.laerke.se\/index.php\/wp-json\/wp\/v2\/tags?post=898"}],"curies":[{"name":"wp","href":"https:\/\/api.w.org\/{rel}","templated":true}]}}