{"id":883,"date":"2026-04-04T12:18:41","date_gmt":"2026-04-04T10:18:41","guid":{"rendered":"https:\/\/www.laerke.se\/?p=883"},"modified":"2026-04-04T12:22:09","modified_gmt":"2026-04-04T10:22:09","slug":"sma-planer-for-ett-hem","status":"publish","type":"post","link":"https:\/\/www.laerke.se\/index.php\/2026\/04\/04\/sma-planer-for-ett-hem\/","title":{"rendered":"Sm\u00e5 planer f\u00f6r ett hem"},"content":{"rendered":"<p><img decoding=\"async\" class=\"aligncenter\" src=\"https:\/\/www.laerke.se\/wp-content\/uploads\/2026\/04\/7fdfe62532174e36958e02dffd49fcd7.jpg\" alt=\"\" width=\"1200\" \/><\/p>\n<p class=\"p1\" style=\"text-align: center;\"><strong>Jag har verkligen b\u00f6rjat f\u00e5 massa id\u00e9er kring hur jag vill ha det i nya l\u00e4genheten.<\/strong><\/p>\n<p class=\"p1\">Det \u00e4r som att s\u00e5 fort man flyttat in s\u00e5 b\u00f6rjar hj\u00e4rnan direkt: \u201ct\u00e4nk om man g\u00f6r s\u00e5 h\u00e4r ist\u00e4llet\u2026 eller s\u00e5 h\u00e4r\u2026\u201d. Och jag \u00e4lskar \u00e4nd\u00e5 den fasen lite.<\/p>\n<p class=\"p1\">Jag vill till exempel fixa en liten kaffeh\u00f6rna i k\u00f6ket. Inget avancerat, bara en mysig plats d\u00e4r allt \u00e4r samlat. Lite finare koppar, kanske n\u00e5gon hylla, s\u00e5 det k\u00e4nns lite mer som en grej \u00e4n bara n\u00e5got man g\u00f6r i farten.<\/p>\n<p><img decoding=\"async\" class=\"aligncenter\" src=\"https:\/\/www.laerke.se\/wp-content\/uploads\/2026\/04\/c2752687fb30682e4b35f5372a942248.jpg\" alt=\"\" width=\"1200\" \/><\/p>\n<p class=\"p1\">Sen vill jag verkligen hitta ett gammalt sk\u00e5p till hallen att ha som garderob. Tycker det \u00e4r fint med m\u00f6bler som inte k\u00e4nns helt nya och \u201cperfekta\u201d. Ge mer karakt\u00e4r till hemmet \u00e4n en garderob fr\u00e5n IKEA.<\/p>\n<p><img decoding=\"async\" class=\"aligncenter\" src=\"https:\/\/www.laerke.se\/wp-content\/uploads\/2026\/04\/db92b4cc36eb31a914db5df50159b101.jpg\" alt=\"\" width=\"1200\" \/><br \/>\n<img decoding=\"async\" class=\"aligncenter\" src=\"https:\/\/www.laerke.se\/wp-content\/uploads\/2026\/04\/514a4c8b765da42b34a38023b879fd55.jpg\" alt=\"\" width=\"1200\" \/><\/p>\n<p>Under trappan i vardagsrummet ska jag s\u00e4tta n\u00e5gra hyllor i olika l\u00e4ngd som f\u00f6ljer trappstegens h\u00f6jd. D\u00e4r t\u00e4nkte jag ha lite kameraprylar och lite s\u00e5nt jag anv\u00e4nder dagligen och inte vill l\u00e4gga i en l\u00e5da n\u00e5gonstans. Kanske lite stearinljus och m\u00e5larsaker ocks\u00e5.<\/p>\n<p><img decoding=\"async\" class=\"aligncenter\" src=\"https:\/\/www.laerke.se\/wp-content\/uploads\/2026\/04\/55ed077782483880bf0964d91baa5481.jpg\" alt=\"\" width=\"1200\" \/><\/p>\n<p>Lampor av olika slag ska jag b\u00f6rja klicka hem ocks\u00e5, t\u00e4nker att \u00e4ven dom f\u00e5r f\u00f6lja den gamla l\u00e4genhetens stil. Huset \u00e4r fr\u00e5n 1910 n\u00e4mligen. Denna lampan till k\u00f6ket kanske vore fin. <a href=\"https:\/\/arturelights.com\/products\/hibiscus-flower\" target=\"_blank\" rel=\"noopener\">Fr\u00e5n Arturelights<\/a>.<\/p>\n<p><img decoding=\"async\" class=\"aligncenter\" src=\"https:\/\/www.laerke.se\/wp-content\/uploads\/2026\/04\/6_73c60bca-63f7-4986-96a0-fd648aa8be42_1000x1000.png.webp\" alt=\"\" width=\"1200\" \/><\/p>\n<p class=\"p1\">Och \u00f6verv\u00e5ningen beh\u00f6ver mjukas upp lite. Just nu k\u00e4nns det ganska tomt, s\u00e5 jag vill f\u00e5 in mer textilier, gardiner i taket, pl\u00e4dar, kuddar, mattor, allt s\u00e5nt som g\u00f6r att det k\u00e4nns lite mer ombonat \u2665<\/p>\n<p><img decoding=\"async\" class=\"aligncenter\" src=\"https:\/\/www.laerke.se\/wp-content\/uploads\/2026\/04\/4bef9eb3d8667f49f598fb312d9c5f38.jpg\" alt=\"\" width=\"1200\" \/><\/p>\n","protected":false},"excerpt":{"rendered":"<p>Jag har verkligen b\u00f6rjat f\u00e5 massa id\u00e9er kring hur jag vill ha det i nya l\u00e4genheten. Det \u00e4r som att s\u00e5 fort man flyttat in s\u00e5 b\u00f6rjar hj\u00e4rnan direkt: \u201ct\u00e4nk om man g\u00f6r s\u00e5 h\u00e4r ist\u00e4llet\u2026 eller s\u00e5 h\u00e4r\u2026\u201d. Och jag \u00e4lskar \u00e4nd\u00e5 den fasen lite. Jag vill till exempel fixa en liten kaffeh\u00f6rna i<a class=\"more-link\" href=\"https:\/\/www.laerke.se\/index.php\/2026\/04\/04\/sma-planer-for-ett-hem\/\" rel=\"nofollow\">Read More<\/a><\/p>\n","protected":false},"author":1,"featured_media":0,"comment_status":"open","ping_status":"open","sticky":false,"template":"","format":"standard","meta":{"_genesis_hide_title":false,"_genesis_hide_breadcrumbs":false,"_genesis_hide_singular_image":false,"_genesis_hide_footer_widgets":false,"_genesis_custom_body_class":"","_genesis_custom_post_class":"","_genesis_layout":"","footnotes":""},"categories":[10],"tags":[],"class_list":{"0":"post-883","1":"post","2":"type-post","3":"status-publish","4":"format-standard","6":"category-dagarna","7":"entry"},"_links":{"self":[{"href":"https:\/\/www.laerke.se\/index.php\/wp-json\/wp\/v2\/posts\/883","targetHints":{"allow":["GET"]}}],"collection":[{"href":"https:\/\/www.laerke.se\/index.php\/wp-json\/wp\/v2\/posts"}],"about":[{"href":"https:\/\/www.laerke.se\/index.php\/wp-json\/wp\/v2\/types\/post"}],"author":[{"embeddable":true,"href":"https:\/\/www.laerke.se\/index.php\/wp-json\/wp\/v2\/users\/1"}],"replies":[{"embeddable":true,"href":"https:\/\/www.laerke.se\/index.php\/wp-json\/wp\/v2\/comments?post=883"}],"version-history":[{"count":3,"href":"https:\/\/www.laerke.se\/index.php\/wp-json\/wp\/v2\/posts\/883\/revisions"}],"predecessor-version":[{"id":895,"href":"https:\/\/www.laerke.se\/index.php\/wp-json\/wp\/v2\/posts\/883\/revisions\/895"}],"wp:attachment":[{"href":"https:\/\/www.laerke.se\/index.php\/wp-json\/wp\/v2\/media?parent=883"}],"wp:term":[{"taxonomy":"category","embeddable":true,"href":"https:\/\/www.laerke.se\/index.php\/wp-json\/wp\/v2\/categories?post=883"},{"taxonomy":"post_tag","embeddable":true,"href":"https:\/\/www.laerke.se\/index.php\/wp-json\/wp\/v2\/tags?post=883"}],"curies":[{"name":"wp","href":"https:\/\/api.w.org\/{rel}","templated":true}]}}