{"id":876,"date":"2026-04-02T21:13:33","date_gmt":"2026-04-02T19:13:33","guid":{"rendered":"https:\/\/www.laerke.se\/?p=876"},"modified":"2026-04-02T21:15:06","modified_gmt":"2026-04-02T19:15:06","slug":"arton-ar-och-ett-nytt-hem","status":"publish","type":"post","link":"https:\/\/www.laerke.se\/index.php\/2026\/04\/02\/arton-ar-och-ett-nytt-hem\/","title":{"rendered":"Arton \u00e5r och ett nytt hem"},"content":{"rendered":"<p><img decoding=\"async\" class=\"aligncenter\" src=\"https:\/\/www.laerke.se\/wp-content\/uploads\/2026\/04\/DSC7434-scaled.jpg\" alt=\"\" width=\"1200\" \/><\/p>\n<p class=\"p1\" style=\"text-align: center;\"><strong>Tiden har en m\u00e4rklig f\u00f6rm\u00e5ga att bara\u2026 g\u00e5.<\/strong><\/p>\n<p class=\"p1\">Och n\u00e5gonstans d\u00e4r, mitt i allt som p\u00e5g\u00e5r, f\u00f6rsvann orden igen. Inte f\u00f6r att det inte fanns n\u00e5got att s\u00e4ga, utan kanske f\u00f6r att det fanns f\u00f6r mycket. F\u00f6r det har h\u00e4nt saker.<\/p>\n<p class=\"p1\">Apansson har fyllt 18 \u00e5r. Det k\u00e4nns n\u00e4stan overkligt att skriva det. Att se henne pl\u00f6tsligt st\u00e5 p\u00e5 egna ben, med hela v\u00e4rlden \u00f6ppen framf\u00f6r sig. Och sj\u00e4lv st\u00e5 kvar en stund, lite stilla, och f\u00f6rs\u00f6ka f\u00f6rst\u00e5 hur fort allt egentligen gick.<\/p>\n<p><img decoding=\"async\" class=\"aligncenter\" src=\"https:\/\/www.laerke.se\/wp-content\/uploads\/2026\/04\/DSC7418-scaled.jpg\" alt=\"\" width=\"1200\" \/><\/p>\n<p class=\"p1\">Samtidigt har livet r\u00f6rt sig \u00e4ven f\u00f6r mig. F\u00f6rutom fast tj\u00e4nst p\u00e5 ett jobb jag verkligen \u00e4lskar s\u00e5 har jag s\u00e5lt min l\u00e4genhet och k\u00f6pt en annan. Dags att b\u00f6rja packa ner vardag och ett liv h\u00e4r i kartonger. B\u00e4ra ut det som varit och f\u00f6rsiktigt b\u00f6rjat bygga upp n\u00e5got nytt. Ett nytt hem som \u00e4nnu inte riktigt satt sig i v\u00e4ggarna, men som sakta ska b\u00f6rja formas av kaffekoppar, v\u00e4xter, tavlor, kv\u00e4llar i tr\u00e4dg\u00e5rden<em> (ja, det finns en liten tr\u00e4dg\u00e5rd d\u00e4r! <\/em><span style=\"color: #ff99cc;\">\u2665<\/span><em>)<\/em> och allt det d\u00e4r som till slut blir ett liv.<\/p>\n<p class=\"p1\">Det \u00e4r n\u00e5got speciellt med f\u00f6r\u00e4ndring. Hur den kan k\u00e4nnas b\u00e5de mjuk och l\u00e4skig p\u00e5 samma g\u00e5ng, s\u00e5 kanske var det d\u00e4rf\u00f6r det blev tyst h\u00e4r. F\u00f6r att livet inte riktigt gick att skriva ikapp, just d\u00e5.<\/p>\n<p><img decoding=\"async\" class=\"aligncenter\" src=\"https:\/\/www.laerke.se\/wp-content\/uploads\/2026\/04\/DSC7452-scaled.jpg\" alt=\"\" width=\"1200\" \/><\/p>\n","protected":false},"excerpt":{"rendered":"<p>Tiden har en m\u00e4rklig f\u00f6rm\u00e5ga att bara\u2026 g\u00e5. Och n\u00e5gonstans d\u00e4r, mitt i allt som p\u00e5g\u00e5r, f\u00f6rsvann orden igen. Inte f\u00f6r att det inte fanns n\u00e5got att s\u00e4ga, utan kanske f\u00f6r att det fanns f\u00f6r mycket. F\u00f6r det har h\u00e4nt saker. Apansson har fyllt 18 \u00e5r. Det k\u00e4nns n\u00e4stan overkligt att skriva det. Att se<a class=\"more-link\" href=\"https:\/\/www.laerke.se\/index.php\/2026\/04\/02\/arton-ar-och-ett-nytt-hem\/\" rel=\"nofollow\">Read More<\/a><\/p>\n","protected":false},"author":1,"featured_media":0,"comment_status":"open","ping_status":"open","sticky":false,"template":"","format":"standard","meta":{"_genesis_hide_title":false,"_genesis_hide_breadcrumbs":false,"_genesis_hide_singular_image":false,"_genesis_hide_footer_widgets":false,"_genesis_custom_body_class":"","_genesis_custom_post_class":"","_genesis_layout":"","footnotes":""},"categories":[10],"tags":[],"class_list":{"0":"post-876","1":"post","2":"type-post","3":"status-publish","4":"format-standard","6":"category-dagarna","7":"entry"},"_links":{"self":[{"href":"https:\/\/www.laerke.se\/index.php\/wp-json\/wp\/v2\/posts\/876","targetHints":{"allow":["GET"]}}],"collection":[{"href":"https:\/\/www.laerke.se\/index.php\/wp-json\/wp\/v2\/posts"}],"about":[{"href":"https:\/\/www.laerke.se\/index.php\/wp-json\/wp\/v2\/types\/post"}],"author":[{"embeddable":true,"href":"https:\/\/www.laerke.se\/index.php\/wp-json\/wp\/v2\/users\/1"}],"replies":[{"embeddable":true,"href":"https:\/\/www.laerke.se\/index.php\/wp-json\/wp\/v2\/comments?post=876"}],"version-history":[{"count":2,"href":"https:\/\/www.laerke.se\/index.php\/wp-json\/wp\/v2\/posts\/876\/revisions"}],"predecessor-version":[{"id":882,"href":"https:\/\/www.laerke.se\/index.php\/wp-json\/wp\/v2\/posts\/876\/revisions\/882"}],"wp:attachment":[{"href":"https:\/\/www.laerke.se\/index.php\/wp-json\/wp\/v2\/media?parent=876"}],"wp:term":[{"taxonomy":"category","embeddable":true,"href":"https:\/\/www.laerke.se\/index.php\/wp-json\/wp\/v2\/categories?post=876"},{"taxonomy":"post_tag","embeddable":true,"href":"https:\/\/www.laerke.se\/index.php\/wp-json\/wp\/v2\/tags?post=876"}],"curies":[{"name":"wp","href":"https:\/\/api.w.org\/{rel}","templated":true}]}}