{"id":813,"date":"2026-01-10T19:17:17","date_gmt":"2026-01-10T18:17:17","guid":{"rendered":"https:\/\/www.laerke.se\/?p=813"},"modified":"2026-01-10T19:17:24","modified_gmt":"2026-01-10T18:17:24","slug":"cannoli-biscotti","status":"publish","type":"post","link":"https:\/\/www.laerke.se\/index.php\/2026\/01\/10\/cannoli-biscotti\/","title":{"rendered":"Cannoli &#038; biscotti"},"content":{"rendered":"<p><img decoding=\"async\" class=\"aligncenter\" src=\"https:\/\/www.laerke.se\/wp-content\/uploads\/2026\/01\/DSC6956-scaled.jpg\" alt=\"\" width=\"1200\" \/><\/p>\n<p style=\"text-align: center;\"><strong>Promenad och fika med mamma idag.<\/strong><\/p>\n<p style=\"text-align: left;\">Det g\u00e4ller att passa p\u00e5 n\u00e4r solen skiner, ingen hemlis direkt att jag \u00e4\u00e4\u00e4\u00e4\u00e4\u00e4lskar SOL! Det \u00e4r ju otroligt h\u00e4rliga dagar d\u00e5 men v\u00e4ldigt kalla d\u00e4remot. Blev en promenad hemifr\u00e5n mig p\u00e5 s\u00f6der till Gamla stan. Kikade runt lite d\u00e4r, bland annat p\u00e5 Stadsmissionen och en fika p\u00e5 min och mammas favvost\u00e4lle Mazzarini. Varsin cannoli och biscotti med en latte macchiato \u2665<\/p>\n<p><img decoding=\"async\" class=\"aligncenter\" src=\"https:\/\/www.laerke.se\/wp-content\/uploads\/2026\/01\/DSC6958-scaled.jpg\" alt=\"\" width=\"1200\" \/><br \/>\n<img decoding=\"async\" class=\"aligncenter\" src=\"https:\/\/www.laerke.se\/wp-content\/uploads\/2026\/01\/DSC6962-scaled.jpg\" alt=\"\" width=\"1200\" \/><br \/>\n<img decoding=\"async\" class=\"aligncenter\" src=\"https:\/\/www.laerke.se\/wp-content\/uploads\/2026\/01\/DSC6963-scaled.jpg\" alt=\"\" width=\"1200\" \/><br \/>\n<img decoding=\"async\" class=\"aligncenter\" src=\"https:\/\/www.laerke.se\/wp-content\/uploads\/2026\/01\/DSC6964-scaled.jpg\" alt=\"\" width=\"1200\" \/><br \/>\n<img decoding=\"async\" class=\"aligncenter\" src=\"https:\/\/www.laerke.se\/wp-content\/uploads\/2026\/01\/DSC6965-scaled.jpg\" alt=\"\" width=\"1200\" \/><br \/>\n<img decoding=\"async\" class=\"aligncenter\" src=\"https:\/\/www.laerke.se\/wp-content\/uploads\/2026\/01\/DSC6966-scaled.jpg\" alt=\"\" width=\"1200\" \/><br \/>\n<img decoding=\"async\" class=\"aligncenter\" src=\"https:\/\/www.laerke.se\/wp-content\/uploads\/2026\/01\/DSC6967-scaled.jpg\" alt=\"\" width=\"1200\" \/><br \/>\n<img decoding=\"async\" class=\"aligncenter\" src=\"https:\/\/www.laerke.se\/wp-content\/uploads\/2026\/01\/DSC6970-scaled.jpg\" alt=\"\" width=\"1200\" \/><br \/>\n<img decoding=\"async\" class=\"aligncenter\" src=\"https:\/\/www.laerke.se\/wp-content\/uploads\/2026\/01\/DSC6968-scaled.jpg\" alt=\"\" width=\"1200\" \/><br \/>\n<img decoding=\"async\" class=\"aligncenter\" src=\"https:\/\/www.laerke.se\/wp-content\/uploads\/2026\/01\/DSC6971-scaled.jpg\" alt=\"\" width=\"1200\" \/><br \/>\n<img decoding=\"async\" class=\"aligncenter\" src=\"https:\/\/www.laerke.se\/wp-content\/uploads\/2026\/01\/DSC6974-scaled.jpg\" alt=\"\" width=\"1200\" \/><br \/>\n<img decoding=\"async\" class=\"aligncenter\" src=\"https:\/\/www.laerke.se\/wp-content\/uploads\/2026\/01\/DSC6975-scaled.jpg\" alt=\"\" width=\"1200\" \/><\/p>\n","protected":false},"excerpt":{"rendered":"<p>Promenad och fika med mamma idag. Det g\u00e4ller att passa p\u00e5 n\u00e4r solen skiner, ingen hemlis direkt att jag \u00e4\u00e4\u00e4\u00e4\u00e4\u00e4lskar SOL! Det \u00e4r ju otroligt h\u00e4rliga dagar d\u00e5 men v\u00e4ldigt kalla d\u00e4remot. Blev en promenad hemifr\u00e5n mig p\u00e5 s\u00f6der till Gamla stan. Kikade runt lite d\u00e4r, bland annat p\u00e5 Stadsmissionen och en fika p\u00e5 min<a class=\"more-link\" href=\"https:\/\/www.laerke.se\/index.php\/2026\/01\/10\/cannoli-biscotti\/\" rel=\"nofollow\">Read More<\/a><\/p>\n","protected":false},"author":1,"featured_media":0,"comment_status":"open","ping_status":"open","sticky":false,"template":"","format":"standard","meta":{"_genesis_hide_title":false,"_genesis_hide_breadcrumbs":false,"_genesis_hide_singular_image":false,"_genesis_hide_footer_widgets":false,"_genesis_custom_body_class":"","_genesis_custom_post_class":"","_genesis_layout":"","footnotes":""},"categories":[10],"tags":[],"class_list":{"0":"post-813","1":"post","2":"type-post","3":"status-publish","4":"format-standard","6":"category-dagarna","7":"entry"},"_links":{"self":[{"href":"https:\/\/www.laerke.se\/index.php\/wp-json\/wp\/v2\/posts\/813","targetHints":{"allow":["GET"]}}],"collection":[{"href":"https:\/\/www.laerke.se\/index.php\/wp-json\/wp\/v2\/posts"}],"about":[{"href":"https:\/\/www.laerke.se\/index.php\/wp-json\/wp\/v2\/types\/post"}],"author":[{"embeddable":true,"href":"https:\/\/www.laerke.se\/index.php\/wp-json\/wp\/v2\/users\/1"}],"replies":[{"embeddable":true,"href":"https:\/\/www.laerke.se\/index.php\/wp-json\/wp\/v2\/comments?post=813"}],"version-history":[{"count":2,"href":"https:\/\/www.laerke.se\/index.php\/wp-json\/wp\/v2\/posts\/813\/revisions"}],"predecessor-version":[{"id":815,"href":"https:\/\/www.laerke.se\/index.php\/wp-json\/wp\/v2\/posts\/813\/revisions\/815"}],"wp:attachment":[{"href":"https:\/\/www.laerke.se\/index.php\/wp-json\/wp\/v2\/media?parent=813"}],"wp:term":[{"taxonomy":"category","embeddable":true,"href":"https:\/\/www.laerke.se\/index.php\/wp-json\/wp\/v2\/categories?post=813"},{"taxonomy":"post_tag","embeddable":true,"href":"https:\/\/www.laerke.se\/index.php\/wp-json\/wp\/v2\/tags?post=813"}],"curies":[{"name":"wp","href":"https:\/\/api.w.org\/{rel}","templated":true}]}}