{"id":744,"date":"2025-12-21T21:11:41","date_gmt":"2025-12-21T20:11:41","guid":{"rendered":"https:\/\/www.laerke.se\/?p=744"},"modified":"2026-01-10T19:17:40","modified_gmt":"2026-01-10T18:17:40","slug":"en-lordag-i-slutet-av-december","status":"publish","type":"post","link":"https:\/\/www.laerke.se\/index.php\/2025\/12\/21\/en-lordag-i-slutet-av-december\/","title":{"rendered":"En l\u00f6rdag i slutet av december"},"content":{"rendered":"<p><img decoding=\"async\" class=\"aligncenter\" src=\"https:\/\/www.laerke.se\/wp-content\/uploads\/2025\/12\/DSC6750-scaled.jpg\" alt=\"\" width=\"1200\" \/><\/p>\n<p style=\"text-align: center;\"><strong>Ig\u00e5r tog jag tunnelbanan ut till gr\u00f6nska och v\u00e4rme.<\/strong><\/p>\n<p style=\"text-align: left;\">Brukar ju, som n\u00e5gra kanske vet vid det h\u00e4r laget, \u00e5ka till Edvard Anderssons v\u00e4xthus under vinterhalv\u00e5ret n\u00e5gra g\u00e5nger f\u00f6r att f\u00e5 lite h\u00e4rlig v\u00e4rme och gr\u00f6nska <em>(k\u00f6pte ocks\u00e5 traditionsenligt \u00e5rskort, \u00e4r jag Sveriges yngsta pension\u00e4r?)<\/em>.<\/p>\n<p style=\"text-align: left;\">Satte mig p\u00e5 en b\u00e4nk i palmrummet och lyssnade p\u00e5 podd. S\u00e5 himla sk\u00f6nt att sitta d\u00e4r en stund i v\u00e4rmen medan det gr\u00e5a, icke s\u00e5 dan f\u00f6re dan f\u00f6re dan f\u00f6re dopparedan-v\u00e4dret h\u00f6ll p\u00e5 utanf\u00f6r.<\/p>\n<p><img decoding=\"async\" class=\"aligncenter\" src=\"https:\/\/www.laerke.se\/wp-content\/uploads\/2025\/12\/DSC6749-scaled.jpg\" alt=\"\" width=\"1200\" \/><br \/>\n<img decoding=\"async\" class=\"aligncenter\" src=\"https:\/\/www.laerke.se\/wp-content\/uploads\/2025\/12\/DSC6741-scaled.jpg\" alt=\"\" width=\"1200\" \/><br \/>\n<img decoding=\"async\" class=\"aligncenter\" src=\"https:\/\/www.laerke.se\/wp-content\/uploads\/2025\/12\/DSC6702-scaled.jpg\" alt=\"\" width=\"1200\" \/><br \/>\n<img decoding=\"async\" class=\"aligncenter\" src=\"https:\/\/www.laerke.se\/wp-content\/uploads\/2025\/12\/DSC6703-scaled.jpg\" alt=\"\" width=\"1200\" \/><br \/>\n<img decoding=\"async\" class=\"aligncenter\" src=\"https:\/\/www.laerke.se\/wp-content\/uploads\/2025\/12\/DSC6706-scaled.jpg\" alt=\"\" width=\"1200\" \/><br \/>\n<img decoding=\"async\" class=\"aligncenter\" src=\"https:\/\/www.laerke.se\/wp-content\/uploads\/2025\/12\/DSC6708-scaled.jpg\" alt=\"\" width=\"1200\" \/><br \/>\n<img decoding=\"async\" class=\"aligncenter\" src=\"https:\/\/www.laerke.se\/wp-content\/uploads\/2025\/12\/DSC6710-scaled.jpg\" alt=\"\" width=\"1200\" \/><br \/>\n<img decoding=\"async\" class=\"aligncenter\" src=\"https:\/\/www.laerke.se\/wp-content\/uploads\/2025\/12\/DSC6726-scaled.jpg\" alt=\"\" width=\"1200\" \/><br \/>\n<img decoding=\"async\" class=\"aligncenter\" src=\"https:\/\/www.laerke.se\/wp-content\/uploads\/2025\/12\/DSC6732-scaled.jpg\" alt=\"\" width=\"1200\" \/><br \/>\n<img decoding=\"async\" class=\"aligncenter\" src=\"https:\/\/www.laerke.se\/wp-content\/uploads\/2025\/12\/DSC6734-scaled.jpg\" alt=\"\" width=\"1200\" \/><br \/>\n<img decoding=\"async\" class=\"aligncenter\" src=\"https:\/\/www.laerke.se\/wp-content\/uploads\/2025\/12\/DSC6744-scaled.jpg\" alt=\"\" width=\"1200\" \/><br \/>\n<img decoding=\"async\" class=\"aligncenter\" src=\"https:\/\/www.laerke.se\/wp-content\/uploads\/2025\/12\/DSC6751-scaled.jpg\" alt=\"\" width=\"1200\" \/><br \/>\n<img decoding=\"async\" class=\"aligncenter\" src=\"https:\/\/www.laerke.se\/wp-content\/uploads\/2025\/12\/DSC6753-scaled.jpg\" alt=\"\" width=\"1200\" \/><br \/>\n<img decoding=\"async\" class=\"aligncenter\" src=\"https:\/\/www.laerke.se\/wp-content\/uploads\/2025\/12\/DSC6755-scaled.jpg\" alt=\"\" width=\"1200\" \/><\/p>\n<p>Efter jag h\u00e4ngt klart i v\u00e4xthuset s\u00e5 m\u00f6tte jag upp mamma ett stenkast bort p\u00e5 Naturhistoriska <em>(inte hon p\u00e5 bilden ovanf\u00f6r)\u00a0<\/em>och knallade runt en stund. Hon hade inte varit d\u00e4r p\u00e5 m\u00e5\u00e5\u00e5\u00e5\u00e5nga \u00e5r. Efter tog vi en liten l\u00e4tt promenad p\u00e5 1,4 mil som inkluderade sen lunch i Vasastan p\u00e5 <a href=\"https:\/\/www.gastcafe.se\">Gast<\/a> och vidare till Gamla stan f\u00f6r en fika p\u00e5 <a href=\"https:\/\/www.mazzarini.se\">Mazzarini<\/a>.<\/p>\n<p><img decoding=\"async\" class=\"aligncenter\" src=\"https:\/\/www.laerke.se\/wp-content\/uploads\/2025\/12\/DSC6758-scaled.jpg\" alt=\"\" width=\"1200\" \/><br \/>\n<img decoding=\"async\" class=\"aligncenter\" src=\"https:\/\/www.laerke.se\/wp-content\/uploads\/2025\/12\/DSC6759-scaled.jpg\" alt=\"\" width=\"1200\" \/><br \/>\n<img decoding=\"async\" class=\"aligncenter\" src=\"https:\/\/www.laerke.se\/wp-content\/uploads\/2025\/12\/DSC6767-scaled.jpg\" alt=\"\" width=\"1200\" \/><br \/>\n<img decoding=\"async\" class=\"aligncenter\" src=\"https:\/\/www.laerke.se\/wp-content\/uploads\/2025\/12\/DSC6769-scaled.jpg\" alt=\"\" width=\"1200\" \/><br \/>\n<img decoding=\"async\" class=\"aligncenter\" src=\"https:\/\/www.laerke.se\/wp-content\/uploads\/2025\/12\/DSC6770-scaled.jpg\" alt=\"\" width=\"1200\" \/><br \/>\n<img decoding=\"async\" class=\"aligncenter\" src=\"https:\/\/www.laerke.se\/wp-content\/uploads\/2025\/12\/DSC6773-scaled.jpg\" alt=\"\" width=\"1200\" \/><br \/>\n<img decoding=\"async\" class=\"aligncenter\" src=\"https:\/\/www.laerke.se\/wp-content\/uploads\/2025\/12\/DSC6774-scaled.jpg\" alt=\"\" width=\"1200\" \/><br \/>\n<img decoding=\"async\" class=\"aligncenter\" src=\"https:\/\/www.laerke.se\/wp-content\/uploads\/2025\/12\/DSC6778-scaled.jpg\" alt=\"\" width=\"1200\" \/><br \/>\n<img decoding=\"async\" class=\"aligncenter\" src=\"https:\/\/www.laerke.se\/wp-content\/uploads\/2025\/12\/DSC6781-scaled.jpg\" alt=\"\" width=\"1200\" \/><br \/>\n<img decoding=\"async\" class=\"aligncenter\" src=\"https:\/\/www.laerke.se\/wp-content\/uploads\/2025\/12\/DSC6788-scaled.jpg\" alt=\"\" width=\"1200\" \/><br \/>\n<img decoding=\"async\" class=\"aligncenter\" src=\"https:\/\/www.laerke.se\/wp-content\/uploads\/2025\/12\/DSC6791-scaled.jpg\" alt=\"\" width=\"1200\" \/><\/p>\n<p>Resten av helgen har spenderats i s\u00e4ngen kollandes p\u00e5 nya s\u00e4songen av Emily in Paris \u2665<\/p>\n","protected":false},"excerpt":{"rendered":"<p>Ig\u00e5r tog jag tunnelbanan ut till gr\u00f6nska och v\u00e4rme. Brukar ju, som n\u00e5gra kanske vet vid det h\u00e4r laget, \u00e5ka till Edvard Anderssons v\u00e4xthus under vinterhalv\u00e5ret n\u00e5gra g\u00e5nger f\u00f6r att f\u00e5 lite h\u00e4rlig v\u00e4rme och gr\u00f6nska (k\u00f6pte ocks\u00e5 traditionsenligt \u00e5rskort, \u00e4r jag Sveriges yngsta pension\u00e4r?). Satte mig p\u00e5 en b\u00e4nk i palmrummet och lyssnade p\u00e5<a class=\"more-link\" href=\"https:\/\/www.laerke.se\/index.php\/2025\/12\/21\/en-lordag-i-slutet-av-december\/\" rel=\"nofollow\">Read More<\/a><\/p>\n","protected":false},"author":1,"featured_media":0,"comment_status":"open","ping_status":"open","sticky":false,"template":"","format":"standard","meta":{"_genesis_hide_title":false,"_genesis_hide_breadcrumbs":false,"_genesis_hide_singular_image":false,"_genesis_hide_footer_widgets":false,"_genesis_custom_body_class":"","_genesis_custom_post_class":"","_genesis_layout":"","footnotes":""},"categories":[10],"tags":[],"class_list":{"0":"post-744","1":"post","2":"type-post","3":"status-publish","4":"format-standard","6":"category-dagarna","7":"entry"},"_links":{"self":[{"href":"https:\/\/www.laerke.se\/index.php\/wp-json\/wp\/v2\/posts\/744","targetHints":{"allow":["GET"]}}],"collection":[{"href":"https:\/\/www.laerke.se\/index.php\/wp-json\/wp\/v2\/posts"}],"about":[{"href":"https:\/\/www.laerke.se\/index.php\/wp-json\/wp\/v2\/types\/post"}],"author":[{"embeddable":true,"href":"https:\/\/www.laerke.se\/index.php\/wp-json\/wp\/v2\/users\/1"}],"replies":[{"embeddable":true,"href":"https:\/\/www.laerke.se\/index.php\/wp-json\/wp\/v2\/comments?post=744"}],"version-history":[{"count":1,"href":"https:\/\/www.laerke.se\/index.php\/wp-json\/wp\/v2\/posts\/744\/revisions"}],"predecessor-version":[{"id":772,"href":"https:\/\/www.laerke.se\/index.php\/wp-json\/wp\/v2\/posts\/744\/revisions\/772"}],"wp:attachment":[{"href":"https:\/\/www.laerke.se\/index.php\/wp-json\/wp\/v2\/media?parent=744"}],"wp:term":[{"taxonomy":"category","embeddable":true,"href":"https:\/\/www.laerke.se\/index.php\/wp-json\/wp\/v2\/categories?post=744"},{"taxonomy":"post_tag","embeddable":true,"href":"https:\/\/www.laerke.se\/index.php\/wp-json\/wp\/v2\/tags?post=744"}],"curies":[{"name":"wp","href":"https:\/\/api.w.org\/{rel}","templated":true}]}}