{"id":714,"date":"2025-11-12T17:32:29","date_gmt":"2025-11-12T16:32:29","guid":{"rendered":"https:\/\/www.laerke.se\/?p=714"},"modified":"2026-01-10T19:17:53","modified_gmt":"2026-01-10T18:17:53","slug":"nytt-jobb","status":"publish","type":"post","link":"https:\/\/www.laerke.se\/index.php\/2025\/11\/12\/nytt-jobb\/","title":{"rendered":"Nytt jobb"},"content":{"rendered":"<p><img decoding=\"async\" class=\"aligncenter\" src=\"https:\/\/www.laerke.se\/wp-content\/uploads\/2025\/11\/DSC6473-scaled.jpg\" alt=\"\" width=\"1200\" \/><\/p>\n<p style=\"text-align: center;\"><strong>Hej!<\/strong><\/p>\n<p>Det va ett tag sen sist. H\u00e4nder s\u00e5 himla mycket nu. Lite kommer jag ta senare, men kan b\u00f6rja med att ber\u00e4tta att jag b\u00f6rjat p\u00e5 nytt jobb sedan en vecka!<\/p>\n<p>F\u00f6rutom att det \u00e4r otroligt sk\u00f6nt att ha ett nytt jobb \u00e4ntligen s\u00e5 \u00a0k\u00e4nner jag mig f\u00f6r f\u00f6rsta g\u00e5ngen tagen p\u00e5 allvar, som att jag ses som en kompetent vuxen. \u00c4r det inte sjukt att jag p\u00e5 40 \u00e5r aldrig f\u00e5tt k\u00e4nna den k\u00e4nslan hos en arbetsgivare innan? Jag \u00e4r ju absolut en ambiti\u00f6s ickeslarvig, strukturerad person som verkligen inte tycker jag f\u00f6rtj\u00e4nat att inte litas p\u00e5 eller f\u00e5tt ta eget ansvar. Har ofta k\u00e4nt mig som en praktikant som folk k\u00f6rt med. K\u00e4nns himla sk\u00f6nt att f\u00e5 ta eget ansvar och styra \u00f6ver prioritering, jag blir absolut mer kreativ p\u00e5 s\u00e5 s\u00e4tt. Trivs superbra! <span style=\"color: #ff99cc;\">\u2665<\/span><\/p>\n","protected":false},"excerpt":{"rendered":"<p>Hej! Det va ett tag sen sist. H\u00e4nder s\u00e5 himla mycket nu. Lite kommer jag ta senare, men kan b\u00f6rja med att ber\u00e4tta att jag b\u00f6rjat p\u00e5 nytt jobb sedan en vecka! F\u00f6rutom att det \u00e4r otroligt sk\u00f6nt att ha ett nytt jobb \u00e4ntligen s\u00e5 \u00a0k\u00e4nner jag mig f\u00f6r f\u00f6rsta g\u00e5ngen tagen p\u00e5 allvar, som<a class=\"more-link\" href=\"https:\/\/www.laerke.se\/index.php\/2025\/11\/12\/nytt-jobb\/\" rel=\"nofollow\">Read More<\/a><\/p>\n","protected":false},"author":1,"featured_media":0,"comment_status":"open","ping_status":"open","sticky":false,"template":"","format":"standard","meta":{"_genesis_hide_title":false,"_genesis_hide_breadcrumbs":false,"_genesis_hide_singular_image":false,"_genesis_hide_footer_widgets":false,"_genesis_custom_body_class":"","_genesis_custom_post_class":"","_genesis_layout":"","footnotes":""},"categories":[10],"tags":[],"class_list":{"0":"post-714","1":"post","2":"type-post","3":"status-publish","4":"format-standard","6":"category-dagarna","7":"entry"},"_links":{"self":[{"href":"https:\/\/www.laerke.se\/index.php\/wp-json\/wp\/v2\/posts\/714","targetHints":{"allow":["GET"]}}],"collection":[{"href":"https:\/\/www.laerke.se\/index.php\/wp-json\/wp\/v2\/posts"}],"about":[{"href":"https:\/\/www.laerke.se\/index.php\/wp-json\/wp\/v2\/types\/post"}],"author":[{"embeddable":true,"href":"https:\/\/www.laerke.se\/index.php\/wp-json\/wp\/v2\/users\/1"}],"replies":[{"embeddable":true,"href":"https:\/\/www.laerke.se\/index.php\/wp-json\/wp\/v2\/comments?post=714"}],"version-history":[{"count":1,"href":"https:\/\/www.laerke.se\/index.php\/wp-json\/wp\/v2\/posts\/714\/revisions"}],"predecessor-version":[{"id":716,"href":"https:\/\/www.laerke.se\/index.php\/wp-json\/wp\/v2\/posts\/714\/revisions\/716"}],"wp:attachment":[{"href":"https:\/\/www.laerke.se\/index.php\/wp-json\/wp\/v2\/media?parent=714"}],"wp:term":[{"taxonomy":"category","embeddable":true,"href":"https:\/\/www.laerke.se\/index.php\/wp-json\/wp\/v2\/categories?post=714"},{"taxonomy":"post_tag","embeddable":true,"href":"https:\/\/www.laerke.se\/index.php\/wp-json\/wp\/v2\/tags?post=714"}],"curies":[{"name":"wp","href":"https:\/\/api.w.org\/{rel}","templated":true}]}}